{"id":439,"date":"2022-11-12T16:17:00","date_gmt":"2022-11-12T15:17:00","guid":{"rendered":"https:\/\/www.ictusgirona.net\/?p=439"},"modified":"2025-04-08T10:04:48","modified_gmt":"2025-04-08T08:04:48","slug":"mireia-belmonte-protagonitza-la-campanya-davant-lictus-truca-rapid-al-112-no-tho-pensis","status":"publish","type":"post","link":"https:\/\/www.ictusgirona.net\/ca\/mireia-belmonte-protagonitza-la-campanya-davant-lictus-truca-rapid-al-112-no-tho-pensis\/","title":{"rendered":"Mireia Belmonte protagonitza la campanya \u00abDavant l\u2019ictus, truca r\u00e0pid al 112. No t\u2019ho pensis\u00bb"},"content":{"rendered":"<figure class=\"wp-block-image size-full\"><a href=\"https:\/\/www.fundacioictus.com\/ca\/fundacio\/noticies\/mireia-belmonte-protagonitza-la-campanya-davant-lictus-truca-rapid-al-112-no-tho\" target=\"_blank\" rel=\" noreferrer noopener\"><img loading=\"lazy\" decoding=\"async\" width=\"720\" height=\"1024\" src=\"https:\/\/www.ictusgirona.net\/wp-content\/uploads\/2025\/03\/mireia-belmonte-davant-ictus-no-ho-pensis-112-1.jpg\" alt=\"\" class=\"wp-image-440\" srcset=\"https:\/\/www.ictusgirona.net\/wp-content\/uploads\/2025\/03\/mireia-belmonte-davant-ictus-no-ho-pensis-112-1.jpg 720w, https:\/\/www.ictusgirona.net\/wp-content\/uploads\/2025\/03\/mireia-belmonte-davant-ictus-no-ho-pensis-112-1-211x300.jpg 211w, https:\/\/www.ictusgirona.net\/wp-content\/uploads\/2025\/03\/mireia-belmonte-davant-ictus-no-ho-pensis-112-1-8x12.jpg 8w\" sizes=\"auto, (max-width: 720px) 100vw, 720px\" \/><\/a><\/figure>\n\n\n\n<p>La Fundaci\u00f3 Ictus i el Departament de Salut posen en marxa una campanya protagonitzada per la nadadora ol\u00edmpica i plusmarquista mundial, Mireia Belmonte, per tal que la poblaci\u00f3 actu\u00ef r\u00e0pid davant d\u2019un possible ictus i truqui immediatament al tel\u00e8fon d&#8217;emerg\u00e8ncia 112<\/p>\n\n\n\n<p><a href=\"https:\/\/www.fundacioictus.com\/ca\/fundacio\/noticies\/mireia-belmonte-protagonitza-la-campanya-davant-lictus-truca-rapid-al-112-no-tho\" data-type=\"link\" data-id=\"https:\/\/www.fundacioictus.com\/ca\/fundacio\/noticies\/mireia-belmonte-protagonitza-la-campanya-davant-lictus-truca-rapid-al-112-no-tho\" target=\"_blank\" rel=\"noreferrer noopener nofollow\">veure m\u00e9s<\/a><\/p>","protected":false},"excerpt":{"rendered":"<p>La Fundaci\u00f3 Ictus i el Departament de Salut posen en marxa una campanya protagonitzada per la nadadora ol\u00edmpica i plusmarquista mundial, Mireia Belmonte, per tal que la poblaci\u00f3 actu\u00ef r\u00e0pid davant d\u2019un possible ictus i truqui immediatament al tel\u00e8fon d&#8217;emerg\u00e8ncia 112 veure m\u00e9s<\/p>","protected":false},"author":2,"featured_media":0,"comment_status":"closed","ping_status":"open","sticky":false,"template":"","format":"standard","meta":{"footnotes":""},"categories":[110],"tags":[],"class_list":["post-439","post","type-post","status-publish","format-standard","hentry","category-noticias-ca"],"_links":{"self":[{"href":"https:\/\/www.ictusgirona.net\/ca\/wp-json\/wp\/v2\/posts\/439","targetHints":{"allow":["GET"]}}],"collection":[{"href":"https:\/\/www.ictusgirona.net\/ca\/wp-json\/wp\/v2\/posts"}],"about":[{"href":"https:\/\/www.ictusgirona.net\/ca\/wp-json\/wp\/v2\/types\/post"}],"author":[{"embeddable":true,"href":"https:\/\/www.ictusgirona.net\/ca\/wp-json\/wp\/v2\/users\/2"}],"replies":[{"embeddable":true,"href":"https:\/\/www.ictusgirona.net\/ca\/wp-json\/wp\/v2\/comments?post=439"}],"version-history":[{"count":1,"href":"https:\/\/www.ictusgirona.net\/ca\/wp-json\/wp\/v2\/posts\/439\/revisions"}],"predecessor-version":[{"id":441,"href":"https:\/\/www.ictusgirona.net\/ca\/wp-json\/wp\/v2\/posts\/439\/revisions\/441"}],"wp:attachment":[{"href":"https:\/\/www.ictusgirona.net\/ca\/wp-json\/wp\/v2\/media?parent=439"}],"wp:term":[{"taxonomy":"category","embeddable":true,"href":"https:\/\/www.ictusgirona.net\/ca\/wp-json\/wp\/v2\/categories?post=439"},{"taxonomy":"post_tag","embeddable":true,"href":"https:\/\/www.ictusgirona.net\/ca\/wp-json\/wp\/v2\/tags?post=439"}],"curies":[{"name":"wp","href":"https:\/\/api.w.org\/{rel}","templated":true}]}}