{"id":1212,"date":"2025-10-21T11:18:06","date_gmt":"2025-10-21T09:18:06","guid":{"rendered":"https:\/\/www.ictusgirona.net\/?p=1212"},"modified":"2025-10-21T15:48:37","modified_gmt":"2025-10-21T13:48:37","slug":"v-cursa-solidaria-correr-per-lictus","status":"publish","type":"post","link":"https:\/\/www.ictusgirona.net\/ca\/v-cursa-solidaria-correr-per-lictus\/","title":{"rendered":"V Cursa Solid\u00e0ria \u00abC\u00d3RRER PER L&#8217;ICTUS!\u00bb"},"content":{"rendered":"<figure class=\"wp-block-gallery has-nested-images columns-default is-cropped wp-block-gallery-1 is-layout-flex wp-block-gallery-is-layout-flex\">\n<figure class=\"wp-block-image size-full\"><img loading=\"lazy\" decoding=\"async\" width=\"842\" height=\"1191\" data-id=\"1214\" src=\"https:\/\/www.ictusgirona.net\/wp-content\/uploads\/2025\/10\/CARTEL-CARRERA-ICTUS-NOV-2025-A3_72ppp-1.jpg\" alt=\"\" class=\"wp-image-1214\" srcset=\"https:\/\/www.ictusgirona.net\/wp-content\/uploads\/2025\/10\/CARTEL-CARRERA-ICTUS-NOV-2025-A3_72ppp-1.jpg 842w, https:\/\/www.ictusgirona.net\/wp-content\/uploads\/2025\/10\/CARTEL-CARRERA-ICTUS-NOV-2025-A3_72ppp-1-212x300.jpg 212w, https:\/\/www.ictusgirona.net\/wp-content\/uploads\/2025\/10\/CARTEL-CARRERA-ICTUS-NOV-2025-A3_72ppp-1-724x1024.jpg 724w, https:\/\/www.ictusgirona.net\/wp-content\/uploads\/2025\/10\/CARTEL-CARRERA-ICTUS-NOV-2025-A3_72ppp-1-768x1086.jpg 768w, https:\/\/www.ictusgirona.net\/wp-content\/uploads\/2025\/10\/CARTEL-CARRERA-ICTUS-NOV-2025-A3_72ppp-1-8x12.jpg 8w\" sizes=\"auto, (max-width: 842px) 100vw, 842px\" \/><\/figure>\n<\/figure>\n\n\n\n<p><\/p>\n\n\n\n<p>El 16 de Novembre organitzem la cinquena edici\u00f3 de <strong>\u00abCorre per l&#8217;ictus\u00bb<\/strong> a La Copa de Girona<br>Tindrem un dia espectacular amb musica, petanca, zumba, arrossada, sortejos, premis pels guanyadors\u2026<br>\u270d\ufe0f <strong>Inscripcions obertes:<\/strong><br><a href=\"https:\/\/colabora.hospitaltrueta.cat\/correperlictus\" target=\"_blank\" rel=\"noopener\"><strong>https:\/\/colabora.hospitaltrueta.cat\/correperlictus<\/strong><\/a><\/p>\n\n\n\n<p>Recaptaci\u00f3 \u00edntegra per a pacients amb ictus i les seves fam\u00edlies<br>Tothom a <strong>#correperlictus<\/strong> \ud83d\udc9c<\/p>\n\n\n\n<hr class=\"wp-block-separator has-alpha-channel-opacity\"\/>\n\n\n\n<p><\/p>","protected":false},"excerpt":{"rendered":"<p>El 16 de Novembre organitzem la cinquena edici\u00f3 de \u00abCorre per l&#8217;ictus\u00bb a La Copa de GironaTindrem un dia espectacular amb musica, petanca, zumba, arrossada, sortejos, premis pels guanyadors\u2026\u270d\ufe0f Inscripcions obertes:https:\/\/colabora.hospitaltrueta.cat\/correperlictus Recaptaci\u00f3 \u00edntegra per a pacients amb ictus i les seves fam\u00edliesTothom a #correperlictus \ud83d\udc9c<\/p>","protected":false},"author":2,"featured_media":1215,"comment_status":"closed","ping_status":"open","sticky":false,"template":"","format":"standard","meta":{"footnotes":""},"categories":[110],"tags":[],"class_list":["post-1212","post","type-post","status-publish","format-standard","has-post-thumbnail","hentry","category-noticias-ca"],"_links":{"self":[{"href":"https:\/\/www.ictusgirona.net\/ca\/wp-json\/wp\/v2\/posts\/1212","targetHints":{"allow":["GET"]}}],"collection":[{"href":"https:\/\/www.ictusgirona.net\/ca\/wp-json\/wp\/v2\/posts"}],"about":[{"href":"https:\/\/www.ictusgirona.net\/ca\/wp-json\/wp\/v2\/types\/post"}],"author":[{"embeddable":true,"href":"https:\/\/www.ictusgirona.net\/ca\/wp-json\/wp\/v2\/users\/2"}],"replies":[{"embeddable":true,"href":"https:\/\/www.ictusgirona.net\/ca\/wp-json\/wp\/v2\/comments?post=1212"}],"version-history":[{"count":1,"href":"https:\/\/www.ictusgirona.net\/ca\/wp-json\/wp\/v2\/posts\/1212\/revisions"}],"predecessor-version":[{"id":1216,"href":"https:\/\/www.ictusgirona.net\/ca\/wp-json\/wp\/v2\/posts\/1212\/revisions\/1216"}],"wp:featuredmedia":[{"embeddable":true,"href":"https:\/\/www.ictusgirona.net\/ca\/wp-json\/wp\/v2\/media\/1215"}],"wp:attachment":[{"href":"https:\/\/www.ictusgirona.net\/ca\/wp-json\/wp\/v2\/media?parent=1212"}],"wp:term":[{"taxonomy":"category","embeddable":true,"href":"https:\/\/www.ictusgirona.net\/ca\/wp-json\/wp\/v2\/categories?post=1212"},{"taxonomy":"post_tag","embeddable":true,"href":"https:\/\/www.ictusgirona.net\/ca\/wp-json\/wp\/v2\/tags?post=1212"}],"curies":[{"name":"wp","href":"https:\/\/api.w.org\/{rel}","templated":true}]}}