{"id":1204,"date":"2025-10-14T16:52:59","date_gmt":"2025-10-14T14:52:59","guid":{"rendered":"https:\/\/www.ictusgirona.net\/?p=1204"},"modified":"2025-10-14T16:54:18","modified_gmt":"2025-10-14T14:54:18","slug":"radio-capital-de-lemporda","status":"publish","type":"post","link":"https:\/\/www.ictusgirona.net\/ca\/radio-capital-de-lemporda\/","title":{"rendered":"R\u00e0dio Capital de l&#8217;Empord\u00e0"},"content":{"rendered":"<figure class=\"wp-block-embed is-type-video is-provider-youtube wp-block-embed-youtube wp-embed-aspect-16-9 wp-has-aspect-ratio\"><div class=\"wp-block-embed__wrapper\">\n<iframe loading=\"lazy\" title=\"Joan Sunyer i Carol Garcia: &quot;Sentir-te ent\u00e8s per alg\u00fa que ha viscut el mateix et consola&quot;\" width=\"750\" height=\"422\" src=\"https:\/\/www.youtube.com\/embed\/MaBPWRvb524?feature=oembed\" frameborder=\"0\" allow=\"accelerometer; autoplay; clipboard-write; encrypted-media; gyroscope; picture-in-picture; web-share\" referrerpolicy=\"strict-origin-when-cross-origin\" allowfullscreen><\/iframe>\n<\/div><\/figure>\n\n\n\n<p><\/p>\n\n\n\n<p>Avui la Carol i Joan del Grup Ictus de Palafrugell han anat a <strong><a href=\"https:\/\/www.radiocapital.cat\/joan-sunyer-i-carol-garcia-amb-el-grup-dictus-sentir-te-entes-per-algu-que-ha-viscut-el-mateix-et-consola-molt\/\" data-type=\"link\" data-id=\"https:\/\/www.radiocapital.cat\/joan-sunyer-i-carol-garcia-amb-el-grup-dictus-sentir-te-entes-per-algu-que-ha-viscut-el-mateix-et-consola-molt\/\" target=\"_blank\" rel=\"noopener\">R\u00e0dio Capital<\/a><\/strong> per fer una entrevista per parlar de les pr\u00f2ximes accions per fer la m\u00e0xima difusi\u00f3.<\/p>\n\n\n\n<hr class=\"wp-block-separator has-alpha-channel-opacity\"\/>","protected":false},"excerpt":{"rendered":"<p>Avui la Carol i Joan del Grup Ictus de Palafrugell han anat a R\u00e0dio Capital per fer una entrevista per parlar de les pr\u00f2ximes accions per fer la m\u00e0xima difusi\u00f3.<\/p>","protected":false},"author":2,"featured_media":1206,"comment_status":"closed","ping_status":"open","sticky":false,"template":"","format":"standard","meta":{"footnotes":""},"categories":[110],"tags":[],"class_list":["post-1204","post","type-post","status-publish","format-standard","has-post-thumbnail","hentry","category-noticias-ca"],"_links":{"self":[{"href":"https:\/\/www.ictusgirona.net\/ca\/wp-json\/wp\/v2\/posts\/1204","targetHints":{"allow":["GET"]}}],"collection":[{"href":"https:\/\/www.ictusgirona.net\/ca\/wp-json\/wp\/v2\/posts"}],"about":[{"href":"https:\/\/www.ictusgirona.net\/ca\/wp-json\/wp\/v2\/types\/post"}],"author":[{"embeddable":true,"href":"https:\/\/www.ictusgirona.net\/ca\/wp-json\/wp\/v2\/users\/2"}],"replies":[{"embeddable":true,"href":"https:\/\/www.ictusgirona.net\/ca\/wp-json\/wp\/v2\/comments?post=1204"}],"version-history":[{"count":2,"href":"https:\/\/www.ictusgirona.net\/ca\/wp-json\/wp\/v2\/posts\/1204\/revisions"}],"predecessor-version":[{"id":1208,"href":"https:\/\/www.ictusgirona.net\/ca\/wp-json\/wp\/v2\/posts\/1204\/revisions\/1208"}],"wp:featuredmedia":[{"embeddable":true,"href":"https:\/\/www.ictusgirona.net\/ca\/wp-json\/wp\/v2\/media\/1206"}],"wp:attachment":[{"href":"https:\/\/www.ictusgirona.net\/ca\/wp-json\/wp\/v2\/media?parent=1204"}],"wp:term":[{"taxonomy":"category","embeddable":true,"href":"https:\/\/www.ictusgirona.net\/ca\/wp-json\/wp\/v2\/categories?post=1204"},{"taxonomy":"post_tag","embeddable":true,"href":"https:\/\/www.ictusgirona.net\/ca\/wp-json\/wp\/v2\/tags?post=1204"}],"curies":[{"name":"wp","href":"https:\/\/api.w.org\/{rel}","templated":true}]}}