{"id":1192,"date":"2025-10-01T10:28:28","date_gmt":"2025-10-01T08:28:28","guid":{"rendered":"https:\/\/www.ictusgirona.net\/?p=1192"},"modified":"2025-10-01T10:29:54","modified_gmt":"2025-10-01T08:29:54","slug":"5a-cursa-adaptada-dinfants-i-joves-de-girona","status":"publish","type":"post","link":"https:\/\/www.ictusgirona.net\/ca\/5a-cursa-adaptada-dinfants-i-joves-de-girona\/","title":{"rendered":"5a Cursa Adaptada d\u2019Infants i Joves de Girona"},"content":{"rendered":"<figure class=\"wp-block-image size-large is-resized\"><img loading=\"lazy\" decoding=\"async\" width=\"724\" height=\"1024\" src=\"https:\/\/www.ictusgirona.net\/wp-content\/uploads\/2025\/10\/Cartell-5a-Cursa-adaptada-724x1024.png\" alt=\"\" class=\"wp-image-1193\" style=\"width:840px;height:auto\" srcset=\"https:\/\/www.ictusgirona.net\/wp-content\/uploads\/2025\/10\/Cartell-5a-Cursa-adaptada-724x1024.png 724w, https:\/\/www.ictusgirona.net\/wp-content\/uploads\/2025\/10\/Cartell-5a-Cursa-adaptada-212x300.png 212w, https:\/\/www.ictusgirona.net\/wp-content\/uploads\/2025\/10\/Cartell-5a-Cursa-adaptada-768x1086.png 768w, https:\/\/www.ictusgirona.net\/wp-content\/uploads\/2025\/10\/Cartell-5a-Cursa-adaptada-1086x1536.png 1086w, https:\/\/www.ictusgirona.net\/wp-content\/uploads\/2025\/10\/Cartell-5a-Cursa-adaptada-1448x2048.png 1448w, https:\/\/www.ictusgirona.net\/wp-content\/uploads\/2025\/10\/Cartell-5a-Cursa-adaptada-8x12.png 8w, https:\/\/www.ictusgirona.net\/wp-content\/uploads\/2025\/10\/Cartell-5a-Cursa-adaptada.png 1587w\" sizes=\"auto, (max-width: 724px) 100vw, 724px\" \/><\/figure>\n\n\n\n<p><\/p>\n\n\n\n<p>Un any m\u00e9s arriba la Cursa Adaptada d\u2019Infants i Joves de Girona! Una cita molt especial que ja s\u2019ha convertit en tradici\u00f3 dins les&nbsp;<strong><a href=\"https:\/\/web.girona.cat\/firesdegirona\" target=\"_blank\" rel=\"noopener\">Fires de Sant Narc\u00eds<\/a><\/strong>&nbsp;i que enguany celebra la seva cinquena edici\u00f3.<\/p>\n\n\n\n<p>Aquesta jornada vol oferir molt m\u00e9s que una cursa: \u00e9s un espai on infants i joves de totes les capacitats poden viure l\u2019esport d\u2019una manera inclusiva, festiva i compartida, sentint-se esportistes de ple dret, acompanyats de les seves fam\u00edlies, amics i persones estimades.<\/p>\n\n\n\n<p>La Convenci\u00f3 sobre els Drets de l\u2019Infant reconeix que tots els nens i nenes tenen dret a jugar, cr\u00e9ixer i practicar esport en condicions d\u2019igualtat. Tamb\u00e9 la Convenci\u00f3 sobre els Drets de les Persones amb Discapacitat defensa que l\u2019esport \u00e9s una eina clau per a la inclusi\u00f3, la salut i el benestar. La cursa vol fer realitat aquests drets, posant al centre la viv\u00e8ncia i l\u2019alegria del moviment.<\/p>\n\n\n\n<p><strong>Quan?<\/strong>&nbsp;Diumenge, 2 de novembre de 2025<br><strong>Hora:<\/strong>&nbsp;de 10.00 a 12.30 h<br><strong>On?<\/strong>&nbsp;Parc Central de Girona<\/p>\n\n\n\n<p><strong>Recorreguts:<\/strong>&nbsp;tres curses adaptades per edats i dist\u00e0ncies (20 m, 50 m i 100 m)<\/p>\n\n\n\n<p><strong>INSCRIPCIONS AQU\u00cd:&nbsp;<a href=\"https:\/\/multicapacitats.playoffinformatica.com\/actividad\/29\/5a-Cursa-Adaptada-d-infants-i-joves-a-Girona-2025\/\" target=\"_blank\" rel=\"noopener\">https:\/\/multicapacitats.playoffinformatica.com\/actividad\/29\/5a-Cursa-Adaptada-d-infants-i-joves-a-Girona-2025\/<\/a><\/strong><\/p>\n\n\n\n<p>Aquest any, a m\u00e9s, la cursa t\u00e9 un component solidari: la inscripci\u00f3 simb\u00f2lica de&nbsp;<strong>3 \u20ac<\/strong>&nbsp;es destinar\u00e0 \u00edntegrament a l\u2019associaci\u00f3&nbsp;<a href=\"https:\/\/www.asperger-girona.es\/\" target=\"_blank\" rel=\"noopener\"><strong>SAGI Tea Girona<\/strong><\/a>, i tamb\u00e9 hi haur\u00e0 una Fila 0 per a tothom qui vulgui fer aportacions extra.<\/p>\n\n\n\n<p>La&nbsp;<a href=\"https:\/\/www.girona.cat\/agenda\/cat\/agenda_fitxa.php?id=48993&amp;ta=age\" data-type=\"link\" data-id=\"https:\/\/www.girona.cat\/agenda\/cat\/agenda_fitxa.php?id=48993&amp;ta=age\" target=\"_blank\" rel=\"noopener\"><strong>5a Cursa Adaptada<\/strong>&nbsp;<\/a>\u00e9s una oportunitat per recordar que l\u2019esport \u00e9s un dret universal, i que quan \u00e9s inclusiu i accessible, es converteix en una celebraci\u00f3 de la diversitat i la comunitat.<\/p>\n\n\n\n<p><\/p>","protected":false},"excerpt":{"rendered":"<p>Un any m\u00e9s arriba la Cursa Adaptada d\u2019Infants i Joves de Girona! Una cita molt especial que ja s\u2019ha convertit en tradici\u00f3 dins les&nbsp;Fires de Sant Narc\u00eds&nbsp;i que enguany celebra la seva cinquena edici\u00f3. Aquesta jornada vol oferir molt m\u00e9s que una cursa: \u00e9s un espai on infants i joves [&hellip;]<\/p>","protected":false},"author":2,"featured_media":1196,"comment_status":"closed","ping_status":"open","sticky":false,"template":"","format":"standard","meta":{"footnotes":""},"categories":[11],"tags":[],"class_list":["post-1192","post","type-post","status-publish","format-standard","has-post-thumbnail","hentry","category-sin-categoria-ca"],"_links":{"self":[{"href":"https:\/\/www.ictusgirona.net\/ca\/wp-json\/wp\/v2\/posts\/1192","targetHints":{"allow":["GET"]}}],"collection":[{"href":"https:\/\/www.ictusgirona.net\/ca\/wp-json\/wp\/v2\/posts"}],"about":[{"href":"https:\/\/www.ictusgirona.net\/ca\/wp-json\/wp\/v2\/types\/post"}],"author":[{"embeddable":true,"href":"https:\/\/www.ictusgirona.net\/ca\/wp-json\/wp\/v2\/users\/2"}],"replies":[{"embeddable":true,"href":"https:\/\/www.ictusgirona.net\/ca\/wp-json\/wp\/v2\/comments?post=1192"}],"version-history":[{"count":2,"href":"https:\/\/www.ictusgirona.net\/ca\/wp-json\/wp\/v2\/posts\/1192\/revisions"}],"predecessor-version":[{"id":1195,"href":"https:\/\/www.ictusgirona.net\/ca\/wp-json\/wp\/v2\/posts\/1192\/revisions\/1195"}],"wp:featuredmedia":[{"embeddable":true,"href":"https:\/\/www.ictusgirona.net\/ca\/wp-json\/wp\/v2\/media\/1196"}],"wp:attachment":[{"href":"https:\/\/www.ictusgirona.net\/ca\/wp-json\/wp\/v2\/media?parent=1192"}],"wp:term":[{"taxonomy":"category","embeddable":true,"href":"https:\/\/www.ictusgirona.net\/ca\/wp-json\/wp\/v2\/categories?post=1192"},{"taxonomy":"post_tag","embeddable":true,"href":"https:\/\/www.ictusgirona.net\/ca\/wp-json\/wp\/v2\/tags?post=1192"}],"curies":[{"name":"wp","href":"https:\/\/api.w.org\/{rel}","templated":true}]}}